{"id":6653,"date":"2022-09-27T16:03:30","date_gmt":"2022-09-27T16:03:30","guid":{"rendered":"https:\/\/cooprogetti.it\/inauguracion-de-la-nueva-sede-de-cooprogetti-palabra-clave-reurbanizacion\/"},"modified":"2024-01-15T13:54:54","modified_gmt":"2024-01-15T13:54:54","slug":"inauguracion-de-la-nueva-sede-de-cooprogetti-palabra-clave-reurbanizacion","status":"publish","type":"post","link":"https:\/\/cooprogetti.it\/es\/inauguracion-de-la-nueva-sede-de-cooprogetti-palabra-clave-reurbanizacion\/","title":{"rendered":"Inauguraci\u00f3n de la nueva sede de Cooprogetti. Palabra clave: reurbanizaci\u00f3n"},"content":{"rendered":"<p>El nuevo polo de dise\u00f1o concebido por Cooprogetti es una oportunidad para reurbanizar una zona industrial en desuso a las afueras de la ciudad de Gubbio, en una zona bisagra entre el centro hist\u00f3rico y la primera campi\u00f1a. La propuesta plantea un lugar para pensar, dise\u00f1ar y vivir. El polo, un espacio de encuentro y debate que se desarrolla en torno a la plaza arbolada, coraz\u00f3n verde del proyecto de regeneraci\u00f3n, se configura como una verdadera ciudad de la investigaci\u00f3n, la sostenibilidad, la innovaci\u00f3n y la creatividad.<br \/>\nLa inauguraci\u00f3n tuvo lugar el 24 de septiembre de 2022, en la sede de Cooprogetti (Via Thomas Alva Edison, 5 Gubbio), y cont\u00f3 con la presencia del presidente de Cooprogetti, Alessandro Placucci, el alcalde de Gubbio, Filippo Mario Stirati, y miembros y colaboradores de las filiales italianas.<\/p>\n<p><a href=\"https:\/\/www.youtube.com\/watch?v=WY7OcNgBsvA&amp;t=4s\">Video\u00a0 inaugurazione<\/a><\/p>\n","protected":false},"excerpt":{"rendered":"<p>El nuevo polo de dise\u00f1o concebido por Cooprogetti es una  [&#8230;]<\/p>\n","protected":false},"author":2,"featured_media":3911,"comment_status":"open","ping_status":"open","sticky":false,"template":"","format":"standard","meta":{"footnotes":""},"categories":[135],"tags":[],"class_list":["post-6653","post","type-post","status-publish","format-standard","has-post-thumbnail","hentry","category-news-es"],"_links":{"self":[{"href":"https:\/\/cooprogetti.it\/es\/wp-json\/wp\/v2\/posts\/6653","targetHints":{"allow":["GET"]}}],"collection":[{"href":"https:\/\/cooprogetti.it\/es\/wp-json\/wp\/v2\/posts"}],"about":[{"href":"https:\/\/cooprogetti.it\/es\/wp-json\/wp\/v2\/types\/post"}],"author":[{"embeddable":true,"href":"https:\/\/cooprogetti.it\/es\/wp-json\/wp\/v2\/users\/2"}],"replies":[{"embeddable":true,"href":"https:\/\/cooprogetti.it\/es\/wp-json\/wp\/v2\/comments?post=6653"}],"version-history":[{"count":1,"href":"https:\/\/cooprogetti.it\/es\/wp-json\/wp\/v2\/posts\/6653\/revisions"}],"predecessor-version":[{"id":7345,"href":"https:\/\/cooprogetti.it\/es\/wp-json\/wp\/v2\/posts\/6653\/revisions\/7345"}],"wp:featuredmedia":[{"embeddable":true,"href":"https:\/\/cooprogetti.it\/es\/wp-json\/wp\/v2\/media\/3911"}],"wp:attachment":[{"href":"https:\/\/cooprogetti.it\/es\/wp-json\/wp\/v2\/media?parent=6653"}],"wp:term":[{"taxonomy":"category","embeddable":true,"href":"https:\/\/cooprogetti.it\/es\/wp-json\/wp\/v2\/categories?post=6653"},{"taxonomy":"post_tag","embeddable":true,"href":"https:\/\/cooprogetti.it\/es\/wp-json\/wp\/v2\/tags?post=6653"}],"curies":[{"name":"wp","href":"https:\/\/api.w.org\/{rel}","templated":true}]}}